{"id":670,"date":"2023-06-01T04:40:29","date_gmt":"2023-06-01T04:40:29","guid":{"rendered":"https:\/\/xn--hrtgenwaldmarsch-jzb.com\/?p=670"},"modified":"2024-08-29T14:31:42","modified_gmt":"2024-08-29T14:31:42","slug":"die-marienkapelle-in-simonskall","status":"publish","type":"post","link":"https:\/\/xn--hrtgenwaldmarsch-jzb.com\/?p=670","title":{"rendered":"Die Marienkapelle in Simonskall | The Marian chapel in Simonskall"},"content":{"rendered":"\n<p>Die Kapellengeschichte von Simonskall beginnt bereits im 18. Jahrhundert. 1741 gew\u00e4hrte der Bischof Franz Kaspar von Franken-Siersdorf ( Erzbistum K\u00f6ln) dem Simonskaller Thomas Scholl eine Hauskapellen-Berechtigung, auch f\u00fcr die anderen Einwohner des Ortes. Die Kapelle befand sich in einem daf\u00fcr eingerichteten Raum im ersten Stock \u00fcber der Einfahrt in der \u201eSimonskaller Burg\u201c. Diese Hauskapellen-Berechtigung wurde 1869 von Erzbischof Paul Melchers wieder verl\u00e4ngert und 1917 nochmals best\u00e4tigt<\/p>\n\n\n\n<p>Die engen Platzverh\u00e4ltnisse in der Burg und der Wunsch, ein eigenes Kirchlein in Simonskall zu haben, f\u00fchrten am 17.10.1930 zur Gr\u00fcndung des \u201eKapellenbauvereins Simonskall\u201c. Sprecher und gro\u00dfer F\u00f6rderer des Vereins war Carl Hamel aus D\u00fcren, Verleger der \u201eD\u00fcrener Zeitung\u201c.<\/p>\n\n\n\n<p>Am 1. Februar1934 genehmigte das Bisch\u00f6fliche Generalvikariat Aachen den Bau einer Kapelle auf einem von der Familie Scholl geschenkten Grundst\u00fcck. Nach der Grundsteinlegung am 19.8.1934 wurden am 7.4.1935 die beiden gestifteten Glocken geweiht und am 16.6.1935 der Altar durch den&nbsp; Aachener Bischof Josef Vogt konsekriert.<\/p>\n\n\n\n<p>Der Kapellenbauverein Simonskall wurde durch die Geheime Staatspolizei der Nationalsozialisten am 30. Januar 1939 aufgel\u00f6st. Die durch Kriegseinwirkung besch\u00e4digte Marienkapelle wurde im Sommer 1952 wieder instandgesetzt. Im Herbst 1977 erfolgte die Renovierung des Innenraumes.<\/p>\n\n\n\n<p>75 Jahre nach der Fertigstellung des Kapellenbaus bildete sich im Januar 2010 in Simonskall ein \u00fcberkonfessioneller \u201eFreundeskreis Marienkapelle\u201c. Dieser organisierte im Jubil\u00e4umsjahr Konzertveranstaltungen und Spendensammlungen, um mit deren Erl\u00f6s die dringend notwendige Kapellendach-Sanierung durchf\u00fchren zu k\u00f6nnen.<\/p>\n\n\n\n<p>Bei einer Dorfversammlung am 13. Dezember 2010 wurde der \u201eVerein der Freunde und F\u00f6rderer der &nbsp;Marienkapelle Simonskall\u201c mit Sitz in Simonskall gegr\u00fcndet. Der Verein bezweckt die Erhaltung und Ausgestaltung der Kapelle \u201eSt. Mari\u00e4 Himmelfahrt\u201c \u2013 kurz Marienkapelle genannt. Seit 2011 finden j\u00e4hrlich unter dem Motto \u201eSimonskaller Kapellentage\u201c einige Festgottesdienste sowie mehrere Benefizkonzerte in der Kapelle statt. Der Spendenerl\u00f6s der Besucher flie\u00dft in die jeweiligen Projekte des Vereins ein. So konnten der Innenanstrich der Kapelle, die Neuinstallation der Innenbeleuchtung sowie die Anschaffung einer neuen Bestuhlung vollst\u00e4ndig durchgef\u00fchrt werden. Die Marienkapelle hat nunmehr Sitzpl\u00e4tze f\u00fcr rund 80 Besucher.<\/p>\n\n\n\n<p>Die komplette Erneuerung der Bruchsteinmauer am Treppenaufgang zur Kapelle ist im Herbst 2014 erfolgt. Die dadurch notwendige Hangbepflanzung konnte kurz vor dem Glocken-Fest Ende September 2015 fertiggestellt werden.<\/p>\n\n\n\n<p>Bisher kr\u00f6nender Abschluss der Aktivit\u00e4ten des F\u00f6rdervereins war die Neuanschaffung eines Gel\u00e4utes (Marien- und Josef-Glocke) mit L\u00e4uteanlage&nbsp; am 3.\/4. Oktober 2015. Die gr\u00f6\u00dfere Marien-Glocke wurde vom niederl\u00e4ndischen&nbsp; Glockengie\u00dfer Simon Laudy direkt vor Ort in Simonskall gegossen.<\/p>\n\n\n\n<p><em>Der Text wurde weitgehend von der der Website des Vereins der Freunde und F\u00f6rderer der Marienkapelle Simonskall e.V. \u00fcbernommen: <\/em><a href=\"https:\/\/kapelle-simonskall.de\/historisches\/\"><em>https:\/\/kapelle-simonskall.de\/historisches\/<\/em><\/a><em><\/em><\/p>\n\n\n\n<p>The chapel history of Simonskall begins as early as the 18th century. In 1741, Bishop Franz Kaspar von Franken-Siersdorf (Archbishopric of Cologne) granted Thomas Scholl from Simonskall a chapel license, also for the other inhabitants of the village. The chapel was located in a room set up for this purpose on the second floor above the entrance to the \u201cSimonskaller Burg\u201d. Archbishop Paul Melchers extended this chapel license in 1869 and confirmed it again in 1917<\/p>\n\n\n\n<p>The limited space in the castle and the desire to have a small church of their own in Simonskall led to the founding of the \u201cSimonskall Chapel Building Association\u201d on October 17, 1930. Carl Hamel from D\u00fcren, publisher of the \u201cD\u00fcrener Zeitung\u201d, was the spokesman and great supporter of the association.<\/p>\n\n\n\n<p>On February 1, 1934, the Episcopal Vicariate General of Aachen approved the construction of a chapel on land donated by the Scholl family. After the foundation stone was laid on August 19, 1934, the two donated bells were consecrated on April 7, 1935 and the altar was consecrated on June 16, 1935 by Bishop Josef Vogt of Aachen.<\/p>\n\n\n\n<p>The Simonskall chapel building association was dissolved by the secret state police of the National Socialists on January 30, 1939. The Marienkapelle, which had been damaged during the war, was repaired in the summer of 1952. The interior was renovated in the fall of 1977.<\/p>\n\n\n\n<p>75 years after the chapel was completed, a non-denominational \u201cFriends of St. Mary&#8217;s Chapel\u201d group was formed in Simonskall in January 2010. In the anniversary year, this group organized concerts and fundraisers in order to use the proceeds to carry out the urgently needed renovation of the chapel roof.<\/p>\n\n\n\n<p>At a village meeting on December 13, 2010, the \u201cAssociation of Friends and Supporters of St. Mary&#8217;s Chapel Simonskall\u201d was founded with its headquarters in Simonskall. The purpose of the association is to preserve and decorate the chapel \u201cSt. Mary&#8217;s Assumption\u201d &#8211; known as the Marienkapelle for short. Since 2011, several festive church services and charity concerts have been held in the chapel every year under the motto \u201cSimonskall Chapel Days\u201d. The proceeds from visitors&#8216; donations go towards the association&#8217;s respective projects. This enabled the interior of the chapel to be painted, the interior lighting to be reinstalled and new seating to be purchased. The Marienkapelle now has seating for around 80 visitors.<\/p>\n\n\n\n<p>The complete renovation of the quarry stone wall at the staircase to the chapel was completed in the fall of 2014. The necessary planting on the slope was completed shortly before the bell festival at the end of September 2015.<\/p>\n\n\n\n<p>The crowning glory of the association&#8217;s activities to date was the purchase of a new bell (Marien and Josef bells) with a ringing system on October 3-4, 2015. The larger Marien bell was cast on site in Simonskall by Dutch bell founder Simon Laudy.<\/p>\n\n\n\n<p>The text was largely taken from the website of the Verein der Freunde und F\u00f6rderer der Marienkapelle Simonskall e.V.: https:\/\/kapelle-simonskall.de\/historisches\/<\/p>\n\n\n\n<p><\/p>\n","protected":false},"excerpt":{"rendered":"<p>Die Kapellengeschichte von Simonskall beginnt bereits im 18. Jahrhundert. 1741 gew\u00e4hrte der Bischof Franz Kaspar von Franken-Siersdorf ( Erzbistum K\u00f6ln) dem Simonskaller Thomas Scholl eine Hauskapellen-Berechtigung, auch f\u00fcr die anderen [&hellip;]<\/p>\n","protected":false},"author":2,"featured_media":0,"comment_status":"open","ping_status":"open","sticky":false,"template":"","format":"standard","meta":{"footnotes":""},"categories":[1],"tags":[],"class_list":["post-670","post","type-post","status-publish","format-standard","hentry","category-uncategorized"],"_links":{"self":[{"href":"https:\/\/xn--hrtgenwaldmarsch-jzb.com\/index.php?rest_route=\/wp\/v2\/posts\/670","targetHints":{"allow":["GET"]}}],"collection":[{"href":"https:\/\/xn--hrtgenwaldmarsch-jzb.com\/index.php?rest_route=\/wp\/v2\/posts"}],"about":[{"href":"https:\/\/xn--hrtgenwaldmarsch-jzb.com\/index.php?rest_route=\/wp\/v2\/types\/post"}],"author":[{"embeddable":true,"href":"https:\/\/xn--hrtgenwaldmarsch-jzb.com\/index.php?rest_route=\/wp\/v2\/users\/2"}],"replies":[{"embeddable":true,"href":"https:\/\/xn--hrtgenwaldmarsch-jzb.com\/index.php?rest_route=%2Fwp%2Fv2%2Fcomments&post=670"}],"version-history":[{"count":2,"href":"https:\/\/xn--hrtgenwaldmarsch-jzb.com\/index.php?rest_route=\/wp\/v2\/posts\/670\/revisions"}],"predecessor-version":[{"id":1598,"href":"https:\/\/xn--hrtgenwaldmarsch-jzb.com\/index.php?rest_route=\/wp\/v2\/posts\/670\/revisions\/1598"}],"wp:attachment":[{"href":"https:\/\/xn--hrtgenwaldmarsch-jzb.com\/index.php?rest_route=%2Fwp%2Fv2%2Fmedia&parent=670"}],"wp:term":[{"taxonomy":"category","embeddable":true,"href":"https:\/\/xn--hrtgenwaldmarsch-jzb.com\/index.php?rest_route=%2Fwp%2Fv2%2Fcategories&post=670"},{"taxonomy":"post_tag","embeddable":true,"href":"https:\/\/xn--hrtgenwaldmarsch-jzb.com\/index.php?rest_route=%2Fwp%2Fv2%2Ftags&post=670"}],"curies":[{"name":"wp","href":"https:\/\/api.w.org\/{rel}","templated":true}]}}